{"id":3258,"date":"2022-11-25T10:11:17","date_gmt":"2022-11-25T10:11:17","guid":{"rendered":"https:\/\/www.aqassociats.com\/calendario-festivos-tarragona-2023\/"},"modified":"2023-12-23T11:07:40","modified_gmt":"2023-12-23T11:07:40","slug":"calendari-festius-laborables-tarragona-2023","status":"publish","type":"post","link":"https:\/\/www.aqassociats.com\/ca\/calendari-festius-laborables-tarragona-2023\/","title":{"rendered":"Calendari De Festius Tarragona 2023"},"content":{"rendered":"<div class=\"gb-container gb-container-8c584ce6 alignfull\">\n<div class=\"gb-container gb-container-ffff59c3 alignfull\">\n<div class=\"gb-container gb-container-6af89834\">\n<div class=\"gb-container gb-container-c739c22b\">\n\n<h1 class=\"gb-headline gb-headline-6f732ffe gb-headline-text\">Calendari De Festius<\/h1>\n\n\n\n<h1 class=\"gb-headline gb-headline-fb49cfdf gb-headline-text\">tarragona 2023<\/h1>\n\n\n\n<h3 class=\"gb-headline gb-headline-89fdb53a gb-headline-text\"><\/h3>\n\n<\/div>\n<\/div>\n<\/div>\n\n<div class=\"gb-container gb-container-b37676d2 alignfull\"><div class=\"gb-shapes\"><div class=\"gb-shape gb-shape-1\"><svg xmlns=\"http:\/\/www.w3.org\/2000\/svg\" viewBox=\"0 0 1200 96.2\" preserveAspectRatio=\"none\"><path d=\"M0 96.2h1200V72.9l-50-8.9c-50-8.6-150-26.9-250-22.2C800 46.2 700 72.9 600 64 500 55.4 400 10.4 300 1.8 200-7.1 100 19.5 50 32.9L0 46.2v50z\"\/><\/svg><\/div><\/div><\/div>\n<\/div>\n\n<div class=\"gb-container gb-container-cb1cb3dc alignfull\">\n<div class=\"gb-container gb-container-b97c16c5\">\n\n<figure class=\"gb-block-image gb-block-image-f7d69671\"><img decoding=\"async\" width=\"750\" height=\"370\" class=\"gb-image gb-image-f7d69671 lazyload\" data-src=\"https:\/\/www.aqassociats.com\/wp-content\/uploads\/2022\/10\/calendario-festivos-tarragona-2023.jpg\" alt=\"Calendario 2023\" title=\"calendario festivos tarragona 2023\" data-srcset=\"https:\/\/www.aqassociats.com\/wp-content\/uploads\/2022\/10\/calendario-festivos-tarragona-2023.jpg 750w, https:\/\/www.aqassociats.com\/wp-content\/uploads\/2022\/10\/calendario-festivos-tarragona-2023-300x148.jpg 300w, https:\/\/www.aqassociats.com\/wp-content\/uploads\/2022\/10\/calendario-festivos-tarragona-2023-18x9.jpg 18w\" data-sizes=\"(max-width: 750px) 100vw, 750px\" src=\"data:image\/svg+xml;base64,PHN2ZyB3aWR0aD0iMSIgaGVpZ2h0PSIxIiB4bWxucz0iaHR0cDovL3d3dy53My5vcmcvMjAwMC9zdmciPjwvc3ZnPg==\" style=\"--smush-placeholder-width: 750px; --smush-placeholder-aspect-ratio: 750\/370;\" \/><\/figure>\n\n\n\n<div style=\"height:30px\" aria-hidden=\"true\" class=\"wp-block-spacer\"><\/div>\n\n\n\n<p class=\"gb-headline gb-headline-f5ff2363 gb-headline-text\">S&#8217;acosta El Final De L&#8217;any 2022 I Per Aix\u00f2 La Nostra Ment, Energia I Focus Comen\u00e7a A Despla\u00e7ar-Se Cap Al 2023.<\/p>\n\n\n\n<div style=\"height:30px\" aria-hidden=\"true\" class=\"wp-block-spacer\"><\/div>\n\n\n\n<p class=\"gb-headline gb-headline-a95acf7f gb-headline-text\">El calendari anual de festius \u00e9s un recurs important tant per a empreses i aut\u00f2noms com per a particulars (treballadors per compte ali\u00e8).<\/p>\n\n\n\n<p class=\"gb-headline gb-headline-d1e0e111 gb-headline-text\">El calendari anual de festius \u00e9s un recurs important tant per a empreses i aut\u00f2noms com per a particulars (treballadors per compte ali\u00e8).<\/p>\n\n\n\n<h2 class=\"gb-headline gb-headline-16d6c297 gb-headline-text\">Dies festius a Tarragona durant el 2023<\/h2>\n\n\n\n<p class=\"gb-headline gb-headline-88f4517c gb-headline-text\">El calendari de festius laborals a Tarragona \u00e9s definit pels dies festius a Catalunya i els dos dies festius a nivell local.<\/p>\n\n\n\n<p class=\"gb-headline gb-headline-16ac6204 gb-headline-text\">El calendari de festius laborals a Catalunya el 2023 \u00e9s el seg\u00fcent:<\/p>\n\n\n\n<ul style=\"font-size:16px\" class=\"has-contrast-color has-text-color has-link-color wp-block-list wp-elements-efb3ffb35dde1451fab4e382e3556024\">\n<li>6 de gener (Reis), divendres<\/li>\n\n\n\n<li>7 d\u2019abril (Divendres Sant), divendres.<\/li>\n\n\n\n<li>10 d\u2019abril (Dilluns de Pasqua Florida), dilluns.<\/li>\n\n\n\n<li>1 de maig (Festa del Treball), dilluns.<\/li>\n\n\n\n<li>24 de juny (Sant Joan), dissabte.<\/li>\n\n\n\n<li>15 d\u2019agost (l&#8217;Assumpci\u00f3), dimarts.<\/li>\n\n\n\n<li>11 de setembre (Diada Nacional de Catalunya), dilluns.<\/li>\n\n\n\n<li>12 d\u2019octubre (Festa Nacional d\u2019Espanya), dijous.<\/li>\n\n\n\n<li>1 de novembre (Tots Sants), dimecres.<\/li>\n\n\n\n<li>6 de desembre (Dia de la Constituci\u00f3), dimecres.<\/li>\n\n\n\n<li>8 de desembre (La Immaculada), divendres.<\/li>\n\n\n\n<li>25 de desembre (Nadal), dilluns.<\/li>\n\n\n\n<li>26 de desembre (Sant Esteve), dimarts.<\/li>\n<\/ul>\n\n\n\n<p class=\"gb-headline gb-headline-e4f757d6 gb-headline-text\">A aquests dies, a Tarragona li haurem de sumar, els dos festius locals:<\/p>\n\n\n\n<ul class=\"has-contrast-color has-text-color has-link-color wp-block-list wp-elements-2a74ba5ca91e1fc9b2ddfd1f97ac316a\">\n<li>19 d&#8217;agost (Sant Mag\u00ed), dissabte.<\/li>\n\n\n\n<li>23 de setembre (Santa Tecla), dissabte.<\/li>\n<\/ul>\n\n\n\n<p class=\"gb-headline gb-headline-b34299eb gb-headline-text\">Aquest any 2023, a Tarragona ciutat, els treballadors i empreses on el calendari laboral est\u00e0 fixat de dilluns a divendres no comptaran amb dies extres locals ja que tots dos coincideixen en dissabte.<\/p>\n\n<\/div>\n\n<div class=\"gb-container gb-container-b7a7fb5f\">\n\n<h2 class=\"gb-headline gb-headline-154a9e2e gb-headline-text\">Dies festius 2023 a altres ciutats amb influ\u00e8ncia a Tarragona.<\/h2>\n\n\n\n<p class=\"gb-headline gb-headline-37eac1dd gb-headline-text\">A totes les ciutats que esmentarem a continuaci\u00f3 els dies festius a nivell de Catalunya seran els mateixos i nom\u00e9s varien els festius locals.<\/p>\n\n\n\n<h3 class=\"gb-headline gb-headline-f5391915 gb-headline-text\">Calendari de festius locals a La Canonja 2023<\/h3>\n\n\n\n<p class=\"gb-headline gb-headline-7f9e6687 gb-headline-text\">Els festius locals a La Canonja l&#8217;any 2023 seran:<\/p>\n\n\n\n<ul style=\"font-size:16px\" class=\"has-contrast-color has-text-color has-link-color wp-block-list wp-elements-bbdcce8c33f98cd7cc683fed466ecdc3\">\n<li>20 de gener, divendres<\/li>\n\n\n\n<li>16 d&#8217;agost, dimecres.<\/li>\n<\/ul>\n\n\n\n<h3 class=\"gb-headline gb-headline-f8291b5e gb-headline-text\">Calendari de festius locals a Reus 2023<\/h3>\n\n\n\n<p class=\"gb-headline gb-headline-613757a4 gb-headline-text\">Els festius locals a Reus l&#8217;any 2023 seran:<\/p>\n\n\n\n<ul style=\"font-size:16px\" class=\"has-contrast-color has-text-color has-link-color wp-block-list wp-elements-9b7cf021f5a43abddb7d1a425f9ff16d\">\n<li>29 de juny (Sant Pere), divendres.<\/li>\n\n\n\n<li>25 de setembre (Miseric\u00f2rdia), dilluns.<\/li>\n<\/ul>\n\n\n\n<h3 class=\"gb-headline gb-headline-252b4379 gb-headline-text\">Calendari de festius locals a Vila-seca 2023<\/h3>\n\n\n\n<p class=\"gb-headline gb-headline-2fa595b7 gb-headline-text\">Els festius locals a Vila-seca l&#8217;any 2023 seran:<\/p>\n\n\n\n<ul style=\"font-size:16px\" class=\"has-contrast-color has-text-color has-link-color wp-block-list wp-elements-875b20fdb60aaf697ca7b9a330c3b514\">\n<li>17 de gener (Sant Antoni), dimarts.<\/li>\n\n\n\n<li>5 de juny (Pasqua Granada), dilluns.<\/li>\n<\/ul>\n\n\n\n<h3 class=\"gb-headline gb-headline-284f90a6 gb-headline-text\">Calendari de festius locals a Barcelona 2023<\/h3>\n\n\n\n<p class=\"gb-headline gb-headline-d02d1d70 gb-headline-text\">Els festius locals a Barcelona l&#8217;any 2023 seran:<\/p>\n\n\n\n<ul style=\"font-size:16px\" class=\"has-contrast-color has-text-color has-link-color wp-block-list wp-elements-7b5048f39ecdec37469caf16dbe337ca\">\n<li>5 de juny (Pasqua Granada), dilluns.<\/li>\n\n\n\n<li>25 de setembre (substitut de La Merce), dilluns.<\/li>\n<\/ul>\n\n\n\n<p class=\"gb-headline gb-headline-512d66d1 gb-headline-text\">Com b\u00e9 sabeu a AQ associats estem a la vostra disposici\u00f3 per a <a href=\"https:\/\/www.aqassociats.com\/ca\/dret-laboral-tarragona\/\" data-type=\"page\" data-id=\"3162\">tr\u00e0mits relacionats amb el m\u00f3n laboral<\/a> i en <a href=\"https:\/\/www.aqassociats.com\/ca\/dret-mercantil-tarragona\/\" data-type=\"page\" data-id=\"3151\">assessorament a empreses<\/a>.<\/p>\n\n<\/div>\n\n<div class=\"gb-container gb-container-1eadb3e9\">\n\n<h2 class=\"gb-headline gb-headline-cb0e11b1 gb-headline-text\">M\u00e9s Recursos<\/h2>\n\n\n\n<figure class=\"wp-block-embed is-type-wp-embed is-provider-aq-associats wp-block-embed-aq-associats\"><div class=\"wp-block-embed__wrapper\">\n<blockquote class=\"wp-embedded-content\" data-secret=\"M7J8UHxdRw\"><a href=\"https:\/\/www.aqassociats.com\/ca\/calendari-festius-laborables-tarragona-2023\/\">Calendari De Festius Tarragona 2023<\/a><\/blockquote><iframe class=\"wp-embedded-content lazyload\" sandbox=\"allow-scripts\" security=\"restricted\" style=\"position: absolute; clip: rect(1px, 1px, 1px, 1px);\" title=\"\u00abCalendari De Festius Tarragona 2023\u00bb \u2014 AQ associats\" data-src=\"https:\/\/www.aqassociats.com\/ca\/calendari-festius-laborables-tarragona-2023\/embed\/#?secret=YC5yVy3Px0#?secret=M7J8UHxdRw\" data-secret=\"M7J8UHxdRw\" width=\"600\" height=\"338\" frameborder=\"0\" marginwidth=\"0\" marginheight=\"0\" scrolling=\"no\" src=\"data:image\/svg+xml;base64,PHN2ZyB3aWR0aD0iMSIgaGVpZ2h0PSIxIiB4bWxucz0iaHR0cDovL3d3dy53My5vcmcvMjAwMC9zdmciPjwvc3ZnPg==\" data-load-mode=\"1\"><\/iframe>\n<\/div><\/figure>\n\n<\/div>\n<\/div>\n\n\n<div style=\"height:100px\" aria-hidden=\"true\" class=\"wp-block-spacer\"><\/div>\n\n\n<div class=\"gb-container gb-container-7c32ac0d alignfull\">\n<div class=\"gb-container gb-container-1d24d1fd alignfull\">\n<div class=\"gb-container gb-container-7dcd177e alignfull\"><div class=\"gb-shapes\"><div class=\"gb-shape gb-shape-1\"><svg xmlns=\"http:\/\/www.w3.org\/2000\/svg\" viewBox=\"0 0 1200 96.2\" preserveAspectRatio=\"none\"><path d=\"M0 96.2h1200V72.9l-50-8.9c-50-8.6-150-26.9-250-22.2C800 46.2 700 72.9 600 64 500 55.4 400 10.4 300 1.8 200-7.1 100 19.5 50 32.9L0 46.2v50z\"\/><\/svg><\/div><\/div><\/div>\n\n<div class=\"gb-container gb-container-2b840493\">\n<div class=\"gb-container gb-container-c822d45a\">\n\n<h1 class=\"gb-headline gb-headline-30f6971e gb-headline-text\">Necessites Una Gestoria A Tarragona?<\/h1>\n\n\n\n<h3 class=\"gb-headline gb-headline-543849a8 gb-headline-text\">No Ho Dubtis M\u00e9s I Contacta Amb Nosaltres<\/h3>\n\n\n\n<a class=\"gb-button gb-button-f1b18d91\" href=\"https:\/\/www.aqassociats.com\/ca\/contacta\/\"><span class=\"gb-button-text\">Contacta<\/span><span class=\"gb-icon\"><svg aria-hidden=\"true\" role=\"img\" height=\"1em\" width=\"1em\" viewBox=\"0 0 256 512\" xmlns=\"http:\/\/www.w3.org\/2000\/svg\"><path fill=\"currentColor\" d=\"M224.3 273l-136 136c-9.4 9.4-24.6 9.4-33.9 0l-22.6-22.6c-9.4-9.4-9.4-24.6 0-33.9l96.4-96.4-96.4-96.4c-9.4-9.4-9.4-24.6 0-33.9L54.3 103c9.4-9.4 24.6-9.4 33.9 0l136 136c9.5 9.4 9.5 24.6.1 34z\"><\/path><\/svg><\/span><\/a>\n\n<\/div>\n\n<div class=\"gb-container gb-container-bd5a1d4c\">\n\n<figure class=\"gb-block-image gb-block-image-4ba22f1c\"><img decoding=\"async\" width=\"539\" height=\"539\" class=\"gb-image gb-image-4ba22f1c lazyload\" data-src=\"https:\/\/www.aqassociats.com\/wp-content\/uploads\/2022\/10\/logo-wall.jpg\" alt=\"\" title=\"Logo AQ Associats Wall\" data-srcset=\"https:\/\/www.aqassociats.com\/wp-content\/uploads\/2022\/10\/logo-wall.jpg 539w, https:\/\/www.aqassociats.com\/wp-content\/uploads\/2022\/10\/logo-wall-300x300.jpg 300w, https:\/\/www.aqassociats.com\/wp-content\/uploads\/2022\/10\/logo-wall-150x150.jpg 150w, https:\/\/www.aqassociats.com\/wp-content\/uploads\/2022\/10\/logo-wall-12x12.jpg 12w\" data-sizes=\"(max-width: 539px) 100vw, 539px\" src=\"data:image\/svg+xml;base64,PHN2ZyB3aWR0aD0iMSIgaGVpZ2h0PSIxIiB4bWxucz0iaHR0cDovL3d3dy53My5vcmcvMjAwMC9zdmciPjwvc3ZnPg==\" style=\"--smush-placeholder-width: 539px; --smush-placeholder-aspect-ratio: 539\/539;\" \/><\/figure>\n\n<\/div>\n<\/div>\n<\/div>\n<\/div>","protected":false},"excerpt":{"rendered":"<p>Calendari De Festius tarragona 2023 S&#8217;acosta El Final De L&#8217;any 2022 I Per Aix\u00f2 La Nostra Ment, Energia I Focus Comen\u00e7a A Despla\u00e7ar-Se Cap Al 2023. El calendari anual de festius \u00e9s un recurs important tant per a empreses i aut\u00f2noms com per a particulars (treballadors per compte ali\u00e8). El calendari anual de festius \u00e9s &#8230; <a title=\"Calendari De Festius Tarragona 2023\" class=\"read-more\" href=\"https:\/\/www.aqassociats.com\/ca\/calendari-festius-laborables-tarragona-2023\/\" aria-label=\"M\u00e9s informaci\u00f3 sobre Calendari De Festius Tarragona 2023\">Read more<\/a><\/p>\n","protected":false},"author":2,"featured_media":3115,"comment_status":"closed","ping_status":"closed","sticky":false,"template":"","format":"standard","meta":{"wds_primary_category":24,"footnotes":""},"categories":[24],"tags":[],"class_list":["post-3258","post","type-post","status-publish","format-standard","has-post-thumbnail","hentry","category-recursos-ca","generate-columns","tablet-grid-50","mobile-grid-100","grid-parent","grid-33"],"_links":{"self":[{"href":"https:\/\/www.aqassociats.com\/ca\/wp-json\/wp\/v2\/posts\/3258","targetHints":{"allow":["GET"]}}],"collection":[{"href":"https:\/\/www.aqassociats.com\/ca\/wp-json\/wp\/v2\/posts"}],"about":[{"href":"https:\/\/www.aqassociats.com\/ca\/wp-json\/wp\/v2\/types\/post"}],"author":[{"embeddable":true,"href":"https:\/\/www.aqassociats.com\/ca\/wp-json\/wp\/v2\/users\/2"}],"replies":[{"embeddable":true,"href":"https:\/\/www.aqassociats.com\/ca\/wp-json\/wp\/v2\/comments?post=3258"}],"version-history":[{"count":0,"href":"https:\/\/www.aqassociats.com\/ca\/wp-json\/wp\/v2\/posts\/3258\/revisions"}],"wp:featuredmedia":[{"embeddable":true,"href":"https:\/\/www.aqassociats.com\/ca\/wp-json\/wp\/v2\/media\/3115"}],"wp:attachment":[{"href":"https:\/\/www.aqassociats.com\/ca\/wp-json\/wp\/v2\/media?parent=3258"}],"wp:term":[{"taxonomy":"category","embeddable":true,"href":"https:\/\/www.aqassociats.com\/ca\/wp-json\/wp\/v2\/categories?post=3258"},{"taxonomy":"post_tag","embeddable":true,"href":"https:\/\/www.aqassociats.com\/ca\/wp-json\/wp\/v2\/tags?post=3258"}],"curies":[{"name":"wp","href":"https:\/\/api.w.org\/{rel}","templated":true}]}}